{"id":1483,"date":"2022-06-24T08:24:28","date_gmt":"2022-06-24T08:24:28","guid":{"rendered":"https:\/\/catte-vsgp.org\/?p=1483"},"modified":"2022-10-14T16:27:40","modified_gmt":"2022-10-14T16:27:40","slug":"demande-de-prolongation-de-la-consultation-publique-concernant-le-pcaet","status":"publish","type":"post","link":"https:\/\/catte-vsgp.org\/index.php\/2022\/06\/24\/demande-de-prolongation-de-la-consultation-publique-concernant-le-pcaet\/","title":{"rendered":"Demande de prolongation de la consultation publique pour le PCAET"},"content":{"rendered":"<p>[et_pb_section fb_built=&#8221;1&#8243; admin_label=&#8221;Header&#8221; _builder_version=&#8221;4.16&#8243; _module_preset=&#8221;default&#8221; background_color=&#8221;#f2ebe4&#8243; global_colors_info=&#8221;{}&#8221; theme_builder_area=&#8221;post_content&#8221;][et_pb_row _builder_version=&#8221;4.17.4&#8243; _module_preset=&#8221;default&#8221; global_colors_info=&#8221;{}&#8221; theme_builder_area=&#8221;post_content&#8221;][et_pb_column type=&#8221;4_4&#8243; _builder_version=&#8221;4.17.4&#8243; _module_preset=&#8221;default&#8221; global_colors_info=&#8221;{}&#8221; theme_builder_area=&#8221;post_content&#8221;][et_pb_text _builder_version=&#8221;4.18.0&#8243; _module_preset=&#8221;default&#8221; hover_enabled=&#8221;0&#8243; global_colors_info=&#8221;{}&#8221; theme_builder_area=&#8221;post_content&#8221; sticky_enabled=&#8221;0&#8243;]<\/p>\n<p><em>Courrier de CATTE au Territoire<\/em> : Demande de prolongation de la consultation publique concernant le PCAET<\/p>\n<p>[\/et_pb_text][\/et_pb_column][\/et_pb_row][\/et_pb_section][et_pb_section fb_built=&#8221;1&#8243; admin_label=&#8221;Hours&#8221; _builder_version=&#8221;4.16&#8243; _module_preset=&#8221;default&#8221; background_color=&#8221;#f5f3ee&#8221; global_colors_info=&#8221;{}&#8221; theme_builder_area=&#8221;post_content&#8221;][et_pb_row _builder_version=&#8221;4.17.4&#8243; _module_preset=&#8221;default&#8221; global_colors_info=&#8221;{}&#8221; theme_builder_area=&#8221;post_content&#8221;][et_pb_column type=&#8221;4_4&#8243; _builder_version=&#8221;4.17.4&#8243; _module_preset=&#8221;default&#8221; global_colors_info=&#8221;{}&#8221; theme_builder_area=&#8221;post_content&#8221;][et_pb_text _builder_version=&#8221;4.17.4&#8243; _module_preset=&#8221;default&#8221; global_colors_info=&#8221;{}&#8221; theme_builder_area=&#8221;post_content&#8221;]<\/p>\n<p>Monsieur le pr\u00e9sident,<\/p>\n<p>Le site Internet de VSGP invite actuellement les habitants du territoire \u00e0 s&#8217;exprimer entre le 1er et le 31 d\u00e9cembre sur le PCAET. Bien que tr\u00e8s attentif \u00e0 la parution de cette information, nous ne l\u2019avons nous-m\u00eames apprise que le 1er d\u00e9cembre. Nous constatons depuis que si certains habitants ont bien \u00e9t\u00e9 inform\u00e9s des r\u00e9unions organis\u00e9es pour le PLUi gr\u00e2ce \u00e0 la diffusion de l&#8217;information dans les magazines du territoire, l&#8217;information concernant la consultation sur le dossier de PCAET n&#8217;est connue que de ceux qui l\u2019ont apprise en consultant le site VSGP depuis le 1er d\u00e9cembre.<\/p>\n<p>Avec vous, nous souhaitons depuis le d\u00e9but une mobilisation la plus large possible des citoyens de notre territoire, pour nous permettre \u00e0 tous une appropriation effective des orientations du PCAET, et pour nous donner ainsi les chances d\u2019en r\u00e9aliser les ambitions.<\/p>\n<p>De par la nature du sujet, les \u00e9l\u00e9ments t\u00e9l\u00e9chargeables du dossier sont \u00e9videmment tr\u00e8s cons\u00e9quents. C&#8217;est pourquoi nous vous demandons de bien vouloir faire \u00e9tudier la prolongation de la p\u00e9riode de consultation au-del\u00e0 de la p\u00e9riode des f\u00eates de fin d&#8217;ann\u00e9e. Nous sugg\u00e9rons par exemple de l&#8217;\u00e9tendre au minimum jusqu&#8217;au 15 janvier 2022.<\/p>\n<p>Dans cette attente, nous vous prions d&#8217;agr\u00e9er, Monsieur le pr\u00e9sident, l&#8217;expression de notre haute consid\u00e9ration.<\/p>\n<p>La Coordination des Associations du Territoire pour la Transition Ecologique.<\/p>\n<p>&nbsp;<\/p>\n<p>[\/et_pb_text][\/et_pb_column][\/et_pb_row][\/et_pb_section]<\/p>\n","protected":false},"excerpt":{"rendered":"<p>Le site Internet de VSGP invite actuellement les habitants du territoire \u00e0 s&#8217;exprimer entre le 1er et le 31 d\u00e9cembre sur le PCAET. Bien que tr\u00e8s attentif &#8230;<\/p>\n","protected":false},"author":2,"featured_media":0,"comment_status":"open","ping_status":"open","sticky":false,"template":"","format":"standard","meta":{"_et_pb_use_builder":"on","_et_pb_old_content":"","_et_gb_content_width":"","_mi_skip_tracking":false,"_monsterinsights_sitenote_active":false,"_monsterinsights_sitenote_note":"","_monsterinsights_sitenote_category":0},"categories":[10],"tags":[11],"aioseo_notices":[],"_links":{"self":[{"href":"https:\/\/catte-vsgp.org\/index.php\/wp-json\/wp\/v2\/posts\/1483"}],"collection":[{"href":"https:\/\/catte-vsgp.org\/index.php\/wp-json\/wp\/v2\/posts"}],"about":[{"href":"https:\/\/catte-vsgp.org\/index.php\/wp-json\/wp\/v2\/types\/post"}],"author":[{"embeddable":true,"href":"https:\/\/catte-vsgp.org\/index.php\/wp-json\/wp\/v2\/users\/2"}],"replies":[{"embeddable":true,"href":"https:\/\/catte-vsgp.org\/index.php\/wp-json\/wp\/v2\/comments?post=1483"}],"version-history":[{"count":9,"href":"https:\/\/catte-vsgp.org\/index.php\/wp-json\/wp\/v2\/posts\/1483\/revisions"}],"predecessor-version":[{"id":1709,"href":"https:\/\/catte-vsgp.org\/index.php\/wp-json\/wp\/v2\/posts\/1483\/revisions\/1709"}],"wp:attachment":[{"href":"https:\/\/catte-vsgp.org\/index.php\/wp-json\/wp\/v2\/media?parent=1483"}],"wp:term":[{"taxonomy":"category","embeddable":true,"href":"https:\/\/catte-vsgp.org\/index.php\/wp-json\/wp\/v2\/categories?post=1483"},{"taxonomy":"post_tag","embeddable":true,"href":"https:\/\/catte-vsgp.org\/index.php\/wp-json\/wp\/v2\/tags?post=1483"}],"curies":[{"name":"wp","href":"https:\/\/api.w.org\/{rel}","templated":true}]}}