{"id":1883,"date":"2026-01-30T17:37:17","date_gmt":"2026-01-30T17:37:17","guid":{"rendered":"https:\/\/catte-vsgp.org\/?p=1883"},"modified":"2026-03-12T20:56:31","modified_gmt":"2026-03-12T20:56:31","slug":"municipales-2026","status":"publish","type":"post","link":"https:\/\/catte-vsgp.org\/index.php\/2026\/01\/30\/municipales-2026\/","title":{"rendered":"Municipales 2026"},"content":{"rendered":"<p>[et_pb_section fb_built=&#8221;1&#8243; admin_label=&#8221;Hours&#8221; _builder_version=&#8221;4.19.1&#8243; _module_preset=&#8221;default&#8221; background_color=&#8221;#FFFFFF&#8221; width=&#8221;99.7%&#8221; custom_margin=&#8221;-70px|||||&#8221; custom_padding=&#8221;||0px|||&#8221; global_colors_info=&#8221;{}&#8221; theme_builder_area=&#8221;post_content&#8221;][et_pb_row _builder_version=&#8221;4.21.0&#8243; _module_preset=&#8221;default&#8221; min_height=&#8221;258.3px&#8221; custom_margin=&#8221;-10px|auto|23px|auto||&#8221; custom_padding=&#8221;30px||0px|||&#8221; global_colors_info=&#8221;{}&#8221; theme_builder_area=&#8221;post_content&#8221;][et_pb_column type=&#8221;4_4&#8243; _builder_version=&#8221;4.17.4&#8243; _module_preset=&#8221;default&#8221; global_colors_info=&#8221;{}&#8221; theme_builder_area=&#8221;post_content&#8221;][et_pb_text _builder_version=&#8221;4.21.0&#8243; _module_preset=&#8221;default&#8221; width=&#8221;100%&#8221; min_height=&#8221;146.3px&#8221; custom_margin=&#8221;9px||-2px|-3px||&#8221; custom_padding=&#8221;|0px|0px|||&#8221; global_colors_info=&#8221;{}&#8221; theme_builder_area=&#8221;post_content&#8221;]<\/p>\n<p><strong>La CATTE interpelle les candidats aux municipales de Vall\u00e9e Sud-Grand Paris sur les objectifs du Plan Climat (PCAET) et du Plan d&#8217;Urbanisme (PLUi) et plus largement sur la transition \u00e9cologique et solidaire de notre Territoire.<\/strong><\/p>\n<p><span style=\"font-size: 14px;\"><\/span><\/p>\n<p><span style=\"font-size: 14px;\"><\/span><\/p>\n<p><span style=\"font-size: 14px;\">Ch\u00e8res candidates, chers candidats aux \u00e9lections municipales de 2026,<\/span><\/p>\n<div class=\"ox-69ac966e04-ox-1ec20b0fc3-gl_quote\">\n<div dir=\"ltr\">\n<div class=\"ox-69ac966e04-ox-1ec20b0fc3-gmail_quote ox-69ac966e04-ox-1ec20b0fc3-gmail_quote_container\">\n<p>Notre quotidien sur le territoire de Vall\u00e9e Sud Grand Paris, comme ailleurs, est profond\u00e9ment marqu\u00e9 par les bouleversements environnementaux : vagues de chaleur, pollution de l\u2019air, \u00e9rosion de la biodiversit\u00e9, artificialisation des sols\u2026 Ces d\u00e9fis ne touchent pas seulement les plus fragiles d\u2019entre nous, mais bien l\u2019ensemble de nos concitoyennes et concitoyens.<\/p>\n<p>Face \u00e0 ces enjeux, il est urgent d\u2019agir : att\u00e9nuer les causes du d\u00e9r\u00e8glement climatique et adapter notre territoire \u00e0 ses cons\u00e9quences. C\u2019est dans cette optique qu\u2019a \u00e9t\u00e9 adopt\u00e9, le 30 mars 2022, le Plan climat-air-\u00e9nergie territorial (PCAET) de Vall\u00e9e Sud Grand Paris. Ce plan a des objectifs ambitieux mais n\u00e9cessaires, et vise notamment \u00e0 (<a href=\"https:\/\/www.valleesud.fr\/vos-services\/pcaet\/les-10-projets-phares-du-pcaet-pour-un-avenir-durable\/#:~:text=Adopt%C3%A9%20le%20mercredi%2030%20mars%202022%20en%20Conseil,les%20changements%20climatiques%20et%20%C3%A0%20s%E2%80%99y%20adapter%20localement.\">lien<\/a>):<\/p>\n<ul>\n<li><strong>R\u00e9duire de 40 % les \u00e9missions de gaz \u00e0 effet de serre d\u2019ici 2030<\/strong><\/li>\n<li><strong>Valoriser 100 % des d\u00e9chets d\u2019ici 2030<\/strong><\/li>\n<li><strong>R\u00e9nover l\u2019int\u00e9gralit\u00e9 du parc b\u00e2ti d\u2019ici 2050<\/strong><\/li>\n<li><strong>Porter \u00e0 15 % la part des d\u00e9placements \u00e0 v\u00e9lo<\/strong><\/li>\n<li><strong>Atteindre de nombreux autres objectifs<\/strong>, coh\u00e9rents avec les enjeux nationaux et internationaux.<\/li>\n<\/ul>\n<p>Le Conseil de Territoire a identifi\u00e9 une dizaine de projets phares pour concr\u00e9tiser ces ambitions. Si ces initiatives sont de port\u00e9e in\u00e9gale, le plan reste une d\u00e9marche indispensable, et notre <strong>Collectif des Associations du Territoire pour la Transition \u00c9cologique (CATTE)<\/strong> souhaite vous interroger, en tant que possibles<span>\u00a0<\/span>futures \u00e9lues et futurs \u00e9lus, sur la <strong>mise en \u0153uvre effective<\/strong> du PCAET et du Plan Local d\u2019Urbanisme Intercommunal (PLUI) \u2013 deux outils essentiels pour notre avenir commun.<\/p>\n<p><strong>Quelles sont vos intentions, vos propositions et les actions concr\u00e8tes que vous comptez mener<\/strong> pour garantir l\u2019atteinte des objectifs du PCAET, du PLUI et, plus largement, pour acc\u00e9l\u00e9rer la transition \u00e9cologique et solidaire sur notre territoire (changement climatique, maintien et d\u00e9veloppement de la biodiversit\u00e9 en ville,\u2026.) ?<\/p>\n<p>En retour, nous nous engageons \u00e0 diffuser largement vos r\u00e9ponses \u2013 sans commentaire, dans un souci de neutralit\u00e9 \u2013 aupr\u00e8s des 40 associations membres de notre collectif, de nos sympathisants et notamment sur le site de la CATTE. Notre objectif : <strong>\u00e9clairer les choix de nos concitoyennes et concitoyens<\/strong> et les encourager \u00e0 s\u2019exprimer lors du scrutin.<\/p>\n<p>Vos engagements nous importent. Nous veillerons, comme nous l\u2019avons fait durant la mandature \u00e9coul\u00e9e, \u00e0 en suivre la r\u00e9alisa tion de mani\u00e8re constructive, quelle que soit la majorit\u00e9 issue des urnes.<\/p>\n<p>Nous restons \u00e0 votre disposition pour \u00e9changer plus en d\u00e9tail sur ces sujets, et sommes ouverts apr\u00e8s les \u00e9lections \u00e0 une participation active de notre collectif et de nos associations membres, \u00e0 la construction des solutions que vous envisagerez.<\/p>\n<p>Nous vous remercions par avance de bien vouloir nous faire part de vos r\u00e9ponses pour le <strong>15 f\u00e9vrier\u00a02026<\/strong>.<\/p>\n<p>Dans l\u2019attente de votre retour, nous vous prions d\u2019agr\u00e9er, Mesdames, Messieurs les candidats, l\u2019expression de nos salutations citoyennes.<\/p>\n<\/div>\n<\/div>\n<\/div>\n<p>&nbsp;<\/p>\n<p>[\/et_pb_text][\/et_pb_column][\/et_pb_row][\/et_pb_section][et_pb_section fb_built=&#8221;1&#8243; admin_label=&#8221;Hours&#8221; _builder_version=&#8221;4.19.1&#8243; _module_preset=&#8221;default&#8221; background_color=&#8221;#FFFFFF&#8221; width=&#8221;99.7%&#8221; min_height=&#8221;193.4px&#8221; custom_margin=&#8221;-23px|||||&#8221; custom_padding=&#8221;0px||2px|||&#8221; global_colors_info=&#8221;{}&#8221; theme_builder_area=&#8221;post_content&#8221;][et_pb_row _builder_version=&#8221;4.17.4&#8243; _module_preset=&#8221;default&#8221; custom_padding=&#8221;6px||3px|||&#8221; global_colors_info=&#8221;{}&#8221; theme_builder_area=&#8221;post_content&#8221;][et_pb_column type=&#8221;4_4&#8243; _builder_version=&#8221;4.17.4&#8243; _module_preset=&#8221;default&#8221; global_colors_info=&#8221;{}&#8221; theme_builder_area=&#8221;post_content&#8221;][et_pb_text _builder_version=&#8221;4.21.0&#8243; _module_preset=&#8221;default&#8221; custom_padding=&#8221;||0px|||&#8221; global_colors_info=&#8221;{}&#8221; theme_builder_area=&#8221;post_content&#8221;][\/et_pb_text][\/et_pb_column][\/et_pb_row][et_pb_row _builder_version=&#8221;4.21.0&#8243; _module_preset=&#8221;default&#8221; min_height=&#8221;154.6px&#8221; custom_margin=&#8221;|auto|61px|auto||&#8221; global_colors_info=&#8221;{}&#8221; theme_builder_area=&#8221;post_content&#8221;][et_pb_column type=&#8221;4_4&#8243; _builder_version=&#8221;4.21.0&#8243; _module_preset=&#8221;default&#8221; global_colors_info=&#8221;{}&#8221; theme_builder_area=&#8221;post_content&#8221;][et_pb_toggle title=&#8221;Les r\u00e9ponses de vos candidats (d\u00e9ployer la page avec le +)&#8221; _builder_version=&#8221;4.21.0&#8243; _module_preset=&#8221;default&#8221; min_height=&#8221;4px&#8221; custom_padding=&#8221;|||13px||&#8221; hover_enabled=&#8221;0&#8243; global_colors_info=&#8221;{}&#8221; theme_builder_area=&#8221;post_content&#8221; sticky_enabled=&#8221;0&#8243;]<\/p>\n<p><strong>Antony<\/strong><\/p>\n<p>Liste <a href=\"http:\/\/catte-vsgp.org\/wp-content\/uploads\/2026\/02\/20260225-Reponse-Antony-a-venir.pdf\" rel=\"attachment wp-att-1918\">Antony a\u0300 venir<\/a><\/p>\n<p>Liste <a href=\"http:\/\/catte-vsgp.org\/wp-content\/uploads\/2026\/02\/20260215-Reponse-Antony-Terre-Citoyenne.pdf\" rel=\"attachment wp-att-1906\">Antony Terre Citoyenne<\/a><\/p>\n<p><strong>Bourg la Reine<\/strong><\/p>\n<p>Liste <a href=\"http:\/\/catte-vsgp.org\/wp-content\/uploads\/2026\/02\/20260224-Reponse-de-La-Ville-en-Partage.pdf\" rel=\"attachment wp-att-1917\">La Ville en Partage<\/a><\/p>\n<p><strong>Ch\u00e2tenay-Malabry<\/strong><\/p>\n<p>Liste <a href=\"http:\/\/catte-vsgp.org\/wp-content\/uploads\/2026\/01\/Reponse-Reinventons-Chatenay-2026.pdf\" rel=\"attachment wp-att-1893\">Re\u0301inventons Ch\u00e2tenay-Malabry<\/a><\/p>\n<p><strong>Clamart<\/strong><\/p>\n<p>Liste <a href=\"http:\/\/catte-vsgp.org\/wp-content\/uploads\/2026\/02\/20260217-Reponse-Clamart-a-gauche.pdf\" rel=\"attachment wp-att-1907\">Clamart a\u0300 gauche<\/a><\/p>\n<p>Liste <a href=\"http:\/\/catte-vsgp.org\/wp-content\/uploads\/2026\/02\/Reponse-Clamart-Ensemble-Roland-Rabeau-04-fev.pdf\" rel=\"attachment wp-att-1899\">Clamart Ensemble<\/a><\/p>\n<p><strong>Le Plessis-Robinson<\/strong><\/p>\n<p>Liste Ambition Citoyenne Robinsonnaise, <a href=\"http:\/\/catte-vsgp.org\/wp-content\/uploads\/2026\/02\/20260217-Ambition-Citoyenne-Rob-Transports-et-mobilites.pdf\" rel=\"attachment wp-att-1911\">Transports et mobilite\u0301s<\/a>, <a href=\"http:\/\/catte-vsgp.org\/wp-content\/uploads\/2026\/02\/20260217-Ambition-citoyenne-Rob-Environnement-et-transition-ecologique.pdf\" rel=\"attachment wp-att-1910\">Environnement et transition e\u0301cologique<\/a><\/p>\n<p><strong>Sceaux<\/strong><\/p>\n<p>Liste <a href=\"http:\/\/catte-vsgp.org\/wp-content\/uploads\/2026\/02\/20260226-Reponse-Sceauxagirencommun.pdf\" rel=\"attachment wp-att-1919\"> Sceaux Agir en Commun<\/a><\/p>\n<p>Liste <a href=\"http:\/\/catte-vsgp.org\/wp-content\/uploads\/2026\/02\/Reponse-de-Sceaux-Ph-Laurent-05-fev.pdf\" rel=\"attachment wp-att-1900\">Vivre \u00e0 Sceaux<\/a><strong><\/strong><\/p>\n<p>Liste <a href=\"http:\/\/catte-vsgp.org\/wp-content\/uploads\/2026\/03\/20260215-Reponse-de-Sceaux-Ensemble.pdf\" rel=\"attachment wp-att-1931\">Sceaux Ensemble<\/a><\/p>\n<p>&nbsp;<\/p>\n<p>&nbsp;<\/p>\n<p>&nbsp;<\/p>\n<p>[\/et_pb_toggle][\/et_pb_column][\/et_pb_row][\/et_pb_section]<\/p>\n","protected":false},"excerpt":{"rendered":"<p>La CATTE interpelle les candidats aux municipales de Vall\u00e9e Sud-Grand Paris sur les objectifs du Plan Climat (PCAET) et du Plan d&#8217;Urbanisme (PLUi) et plus largement sur la transition \u00e9cologique et solidaire de notre Territoire. Ch\u00e8res candidates, chers candidats aux \u00e9lections municipales de 2026, Notre quotidien sur le territoire de Vall\u00e9e Sud Grand Paris, comme [&hellip;]<\/p>\n","protected":false},"author":2,"featured_media":0,"comment_status":"open","ping_status":"open","sticky":false,"template":"","format":"standard","meta":{"_et_pb_use_builder":"on","_et_pb_old_content":"","_et_gb_content_width":"795","_mi_skip_tracking":false,"_monsterinsights_sitenote_active":false,"_monsterinsights_sitenote_note":"","_monsterinsights_sitenote_category":0},"categories":[13],"tags":[],"aioseo_notices":[],"_links":{"self":[{"href":"https:\/\/catte-vsgp.org\/index.php\/wp-json\/wp\/v2\/posts\/1883"}],"collection":[{"href":"https:\/\/catte-vsgp.org\/index.php\/wp-json\/wp\/v2\/posts"}],"about":[{"href":"https:\/\/catte-vsgp.org\/index.php\/wp-json\/wp\/v2\/types\/post"}],"author":[{"embeddable":true,"href":"https:\/\/catte-vsgp.org\/index.php\/wp-json\/wp\/v2\/users\/2"}],"replies":[{"embeddable":true,"href":"https:\/\/catte-vsgp.org\/index.php\/wp-json\/wp\/v2\/comments?post=1883"}],"version-history":[{"count":19,"href":"https:\/\/catte-vsgp.org\/index.php\/wp-json\/wp\/v2\/posts\/1883\/revisions"}],"predecessor-version":[{"id":1934,"href":"https:\/\/catte-vsgp.org\/index.php\/wp-json\/wp\/v2\/posts\/1883\/revisions\/1934"}],"wp:attachment":[{"href":"https:\/\/catte-vsgp.org\/index.php\/wp-json\/wp\/v2\/media?parent=1883"}],"wp:term":[{"taxonomy":"category","embeddable":true,"href":"https:\/\/catte-vsgp.org\/index.php\/wp-json\/wp\/v2\/categories?post=1883"},{"taxonomy":"post_tag","embeddable":true,"href":"https:\/\/catte-vsgp.org\/index.php\/wp-json\/wp\/v2\/tags?post=1883"}],"curies":[{"name":"wp","href":"https:\/\/api.w.org\/{rel}","templated":true}]}}